{"id":8972,"date":"2026-09-04T10:15:10","date_gmt":"2026-09-04T08:15:10","guid":{"rendered":"https:\/\/pace.berlin\/blog\/2026\/09\/04\/kitchen-insights-at-the-canteen-round-2\/"},"modified":"2026-09-04T17:24:28","modified_gmt":"2026-09-04T15:24:28","slug":"kitchen-insights-at-the-canteen-round-2","status":"publish","type":"post","link":"https:\/\/pace.berlin\/en\/blog\/2026\/09\/04\/kitchen-insights-at-the-canteen-round-2\/","title":{"rendered":"KITCHEN INSIGHTS AT THE CANTEEN: ROUND 2!"},"content":{"rendered":"\t\t<div data-elementor-type=\"wp-post\" data-elementor-id=\"8972\" class=\"elementor elementor-8972 elementor-8952\" data-elementor-post-type=\"post\">\n\t\t\t\t<div class=\"elementor-element elementor-element-327734b e-con-full e-flex e-con e-parent\" data-id=\"327734b\" data-element_type=\"container\" data-e-type=\"container\">\n\t\t\t\t<div class=\"elementor-element elementor-element-ec8c1af elementor-widget elementor-widget-spacer\" data-id=\"ec8c1af\" data-element_type=\"widget\" data-e-type=\"widget\" data-widget_type=\"spacer.default\">\n\t\t\t\t\t\t\t\t\t<div class=\"elementor-spacer\">\n\t\t\t<div class=\"elementor-spacer-inner\"><\/div>\n\t\t<\/div>\n\t\t\t\t\t\t<\/div>\n\t\t\t\t<div class=\"elementor-element elementor-element-32cd994 elementor-widget__width-initial elementor-widget elementor-widget-text-editor\" data-id=\"32cd994\" data-element_type=\"widget\" data-e-type=\"widget\" data-widget_type=\"text-editor.default\">\n\t\t\t\t\t\t\t\t\t\t\t<p>What actually goes on behind the scenes at the CANTEEN?<\/p>\t\t\t\t\t\t\t\t<\/div>\n\t\t<div class=\"elementor-element elementor-element-9575cbd e-con-full e-flex e-con e-child\" data-id=\"9575cbd\" data-element_type=\"container\" data-e-type=\"container\">\n\t\t\t\t<div class=\"elementor-element elementor-element-9b2b113 elementor-widget elementor-widget-text-editor\" data-id=\"9b2b113\" data-element_type=\"widget\" data-e-type=\"widget\" data-widget_type=\"text-editor.default\">\n\t\t\t\t\t\t\t\t\t\t\t<p>How does a commercial kitchen of this size operate? And what does it take to ensure that everything is ready in time for lunch every day?<br \/>Since there was such great interest in our first KITCHEN INSIGHTS event at CANTEEN, we\u2019re opening the kitchen doors again on September 16 and inviting you to take a look behind the scenes. <\/p>\t\t\t\t\t\t\t\t<\/div>\n\t\t\t\t<div class=\"elementor-element elementor-element-2431e52 elementor-widget elementor-widget-text-editor\" data-id=\"2431e52\" data-element_type=\"widget\" data-e-type=\"widget\" data-widget_type=\"text-editor.default\">\n\t\t\t\t\t\t\t\t\t\t\t<p>Look, Ask, Understand<\/p>\t\t\t\t\t\t\t\t<\/div>\n\t\t\t\t<div class=\"elementor-element elementor-element-1e86e12 elementor-widget elementor-widget-text-editor\" data-id=\"1e86e12\" data-element_type=\"widget\" data-e-type=\"widget\" data-widget_type=\"text-editor.default\">\n\t\t\t\t\t\t\t\t\t\t\t<p>From 9:00 a.m. to about 9:45 a.m., we\u2019ll take you behind the scenes to areas that are normally off-limits to our guests.<br \/>We\u2019ll show you the CANTEEN kitchen and how it operates, take a look at the dishwashing line, and tell you how our meals are planned and everything that has to happen before they finally make it to the serving line. <\/p><p>In addition, you\u2019ll learn more about other areas of our food service \u2014 from our bakery to the DELI and the CAFE.<br \/>And, of course, the same applies this time: <strong>Questions are definitely welcome!<\/strong><\/p>\t\t\t\t\t\t\t\t<\/div>\n\t\t\t\t<div class=\"elementor-element elementor-element-806fe66 elementor-widget elementor-widget-text-editor\" data-id=\"806fe66\" data-element_type=\"widget\" data-e-type=\"widget\" data-widget_type=\"text-editor.default\">\n\t\t\t\t\t\t\t\t\t\t\t<p>At a Glance<\/p>\t\t\t\t\t\t\t\t<\/div>\n\t\t<div class=\"elementor-element elementor-element-b17c0fe e-con-full e-flex e-con e-child\" data-id=\"b17c0fe\" data-element_type=\"container\" data-e-type=\"container\">\n\t\t<div class=\"elementor-element elementor-element-621c114 e-con-full e-flex e-con e-child\" data-id=\"621c114\" data-element_type=\"container\" data-e-type=\"container\">\n\t\t\t\t<div class=\"elementor-element elementor-element-ab2c621 elementor-widget__width-initial elementor-widget elementor-widget-text-editor\" data-id=\"ab2c621\" data-element_type=\"widget\" data-e-type=\"widget\" data-widget_type=\"text-editor.default\">\n\t\t\t\t\t\t\t\t\t\t\t<p>\ud83d\udcc5 Wednesday, September 16, 2026<\/p><p>\u23f0 9:00 am to about 9:45 am<\/p><p>\ud83d\udccd Meeting place: The CANTEEN vegan counter in the new Axel Springer building<\/p><p>\ud83d\udce9 Registration: gastronomie@pace.berlin<\/p><p>Because there is much more to every lunch than just a recipe:<br \/>it involves planning, timing, teamwork, and a great deal of passion.<\/p>\t\t\t\t\t\t\t\t<\/div>\n\t\t\t\t<\/div>\n\t\t<div class=\"elementor-element elementor-element-fdb4a27 e-con-full e-flex e-con e-child\" data-id=\"fdb4a27\" data-element_type=\"container\" data-e-type=\"container\">\n\t\t\t\t<div class=\"elementor-element elementor-element-92ec155 elementor-widget elementor-widget-image\" data-id=\"92ec155\" data-element_type=\"widget\" data-e-type=\"widget\" data-widget_type=\"image.default\">\n\t\t\t\t\t\t\t\t\t\t\t\t\t\t\t\t\t<img fetchpriority=\"high\" decoding=\"async\" width=\"500\" height=\"725\" src=\"https:\/\/pace.berlin\/app\/uploads\/sites\/2\/2026\/09\/CANTEEN_1920_1080_hoch.png\" class=\"attachment-medium_large size-medium_large wp-image-8969\" alt=\"In a professional cafeteria kitchen, a chef wearing black gloves carefully plates a colorful dish on a white plate with leafy greens, surrounded by various ingredients and plates, offering a glimpse behind the scenes of the kitchen.\" srcset=\"https:\/\/pace.berlin\/app\/uploads\/sites\/2\/2026\/09\/CANTEEN_1920_1080_hoch.png 500w, https:\/\/pace.berlin\/app\/uploads\/sites\/2\/2026\/09\/CANTEEN_1920_1080_hoch-207x300.png 207w\" sizes=\"(max-width: 500px) 100vw, 500px\" \/>\t\t\t\t\t\t\t\t\t\t\t\t\t\t\t<\/div>\n\t\t\t\t<\/div>\n\t\t\t\t<div class=\"elementor-element elementor-element-531a4d5 elementor-widget elementor-widget-spacer\" data-id=\"531a4d5\" data-element_type=\"widget\" data-e-type=\"widget\" data-widget_type=\"spacer.default\">\n\t\t\t\t\t\t\t\t\t<div class=\"elementor-spacer\">\n\t\t\t<div class=\"elementor-spacer-inner\"><\/div>\n\t\t<\/div>\n\t\t\t\t\t\t<\/div>\n\t\t\t\t<\/div>\n\t\t<div class=\"elementor-element elementor-element-20b4f83 e-con-full e-flex e-con e-child\" data-id=\"20b4f83\" data-element_type=\"container\" data-e-type=\"container\">\n\t\t<div class=\"elementor-element elementor-element-b118f22 e-con-full e-flex e-con e-child\" data-id=\"b118f22\" data-element_type=\"container\" data-e-type=\"container\">\n\t\t\t\t<div class=\"elementor-element elementor-element-b08ed83 elementor-widget__width-initial elementor-widget elementor-widget-image\" data-id=\"b08ed83\" data-element_type=\"widget\" data-e-type=\"widget\" data-widget_type=\"image.default\">\n\t\t\t\t\t\t\t\t\t\t\t\t\t\t\t\t\t<img decoding=\"async\" width=\"207\" height=\"300\" src=\"https:\/\/pace.berlin\/app\/uploads\/sites\/2\/2026\/09\/CANTEEN_1920_1080_hoch_2-207x300.png\" class=\"attachment-medium size-medium wp-image-8970\" alt=\"Using a ladle, broth is poured into a bowl of noodle soup garnished with slices of meat, vegetables, and herbs\u2014 a comforting favorite in any cafeteria. On the plate, lime, chili, and a crispy chip await as side dishes, adding extra flavor to every bite. Discover more insights into the kitchen as you savor every spoonful of this classic dish.\" srcset=\"https:\/\/pace.berlin\/app\/uploads\/sites\/2\/2026\/09\/CANTEEN_1920_1080_hoch_2-207x300.png 207w, https:\/\/pace.berlin\/app\/uploads\/sites\/2\/2026\/09\/CANTEEN_1920_1080_hoch_2.png 500w\" sizes=\"(max-width: 207px) 100vw, 207px\" \/>\t\t\t\t\t\t\t\t\t\t\t\t\t\t\t<\/div>\n\t\t\t\t<\/div>\n\t\t<div class=\"elementor-element elementor-element-59fe562 e-con-full e-flex e-con e-child\" data-id=\"59fe562\" data-element_type=\"container\" data-e-type=\"container\">\n\t\t\t\t<div class=\"elementor-element elementor-element-69e015e elementor-widget elementor-widget-text-editor\" data-id=\"69e015e\" data-element_type=\"widget\" data-e-type=\"widget\" data-widget_type=\"text-editor.default\">\n\t\t\t\t\t\t\t\t\t\t\t<p>Your feedback makes a difference<\/p>\t\t\t\t\t\t\t\t<\/div>\n\t\t\t\t<div class=\"elementor-element elementor-element-79e0b5d elementor-widget__width-initial elementor-widget elementor-widget-text-editor\" data-id=\"79e0b5d\" data-element_type=\"widget\" data-e-type=\"widget\" data-widget_type=\"text-editor.default\">\n\t\t\t\t\t\t\t\t\t\t\t<p>The first edition already showed that this exchange is worthwhile. Back then, the group shared some very specific requests and suggestions, and we took them to heart.<br \/>For example, we now use chili symbols to indicate the spiciness of our dishes and allow you to order additional sides and components to go with your lunch. We\u2019ve also taken on board the request for a new barista workshop, which will be offered soon.<br \/>That\u2019s exactly why we\u2019re looking forward not only to your interest this time around, but especially to your ideas and feedback.<br \/>  <\/p>\t\t\t\t\t\t\t\t<\/div>\n\t\t\t\t<\/div>\n\t\t\t\t<\/div>\n\t\t<div class=\"elementor-element elementor-element-c90034a e-con-full e-flex e-con e-child\" data-id=\"c90034a\" data-element_type=\"container\" data-e-type=\"container\">\n\t\t\t\t<div class=\"elementor-element elementor-element-4167a8c elementor-widget__width-initial elementor-widget elementor-widget-text-editor\" data-id=\"4167a8c\" data-element_type=\"widget\" data-e-type=\"widget\" data-widget_type=\"text-editor.default\">\n\t\t\t\t\t\t\t\t\t\t\t<p>The number of participants is limited, so be sure to reserve your spot in advance.<\/p>\t\t\t\t\t\t\t\t<\/div>\n\t\t\t\t<div class=\"elementor-element elementor-element-9931ca3 elementor-align-center elementor-widget elementor-widget-button\" data-id=\"9931ca3\" data-element_type=\"widget\" data-e-type=\"widget\" data-widget_type=\"button.default\">\n\t\t\t\t\t\t\t\t\t\t\t\t<a class=\"elementor-button elementor-button-link elementor-size-sm\" href=\"mailto:gastronomie@pace.berlin\">\n\t\t\t\t\t\t<span class=\"elementor-button-content-wrapper\">\n\t\t\t\t\t\t\t\t\t<span class=\"elementor-button-text\">YOU CAN REGISTER HERE<\/span>\n\t\t\t\t\t<\/span>\n\t\t\t\t\t<\/a>\n\t\t\t\t\t\t\t\t<\/div>\n\t\t\t\t<div class=\"elementor-element elementor-element-916c41a elementor-widget__width-initial elementor-widget elementor-widget-text-editor\" data-id=\"916c41a\" data-element_type=\"widget\" data-e-type=\"widget\" data-widget_type=\"text-editor.default\">\n\t\t\t\t\t\t\t\t\t\t\t<p>We look forward to seeing you all and to a new season of KITCHEN INSIGHTS!<\/p>\t\t\t\t\t\t\t\t<\/div>\n\t\t\t\t<\/div>\n\t\t\t\t<\/div>\n\t\t\t\t<\/div>\n\t\t\t\t<\/div>\n\t\t","protected":false},"excerpt":{"rendered":"<p>KITCHEN INSIGHTS is back at CANTEEN! Following the huge interest in our first event, we\u2019re opening our kitchen doors again on September 16. If you\u2019d like to find out what goes on behind the scenes in our commercial kitchen, you can secure one of the limited spots now.  <\/p>\n","protected":false},"author":4,"featured_media":8968,"comment_status":"closed","ping_status":"closed","sticky":false,"template":"","format":"standard","meta":{"bild":0,"footnotes":""},"categories":[206],"tags":[204],"class_list":["post-8972","post","type-post","status-publish","format-standard","has-post-thumbnail","hentry","category-canteen","tag-events"],"yoast_head":"<!-- This site is optimized with the Yoast SEO plugin v28.4 - https:\/\/yoast.com\/product\/yoast-seo-wordpress\/ -->\n<title>KITCHEN INSIGHTS AT THE CANTEEN: ROUND 2! - PACE Berlin<\/title>\n<meta name=\"robots\" content=\"index, follow, max-snippet:-1, max-image-preview:large, max-video-preview:-1\" \/>\n<link rel=\"canonical\" href=\"https:\/\/pace.berlin\/en\/blog\/2026\/09\/04\/kitchen-insights-at-the-canteen-round-2\/\" \/>\n<meta property=\"og:locale\" content=\"en_US\" \/>\n<meta property=\"og:type\" content=\"article\" \/>\n<meta property=\"og:title\" content=\"KITCHEN INSIGHTS AT THE CANTEEN: ROUND 2! - PACE Berlin\" \/>\n<meta property=\"og:description\" content=\"KITCHEN INSIGHTS is back at CANTEEN! Following the huge interest in our first event, we\u2019re opening our kitchen doors again on September 16. If you\u2019d like to find out what goes on behind the scenes in our commercial kitchen, you can secure one of the limited spots now.\" \/>\n<meta property=\"og:url\" content=\"https:\/\/pace.berlin\/en\/blog\/2026\/09\/04\/kitchen-insights-at-the-canteen-round-2\/\" \/>\n<meta property=\"og:site_name\" content=\"PACE Berlin\" \/>\n<meta property=\"article:published_time\" content=\"2026-09-04T08:15:10+00:00\" \/>\n<meta property=\"article:modified_time\" content=\"2026-09-04T15:24:28+00:00\" \/>\n<meta property=\"og:image\" content=\"https:\/\/pace.berlin\/app\/uploads\/sites\/2\/2026\/09\/Beitragsbild_KI_CANTEEN3.png\" \/>\n\t<meta property=\"og:image:width\" content=\"750\" \/>\n\t<meta property=\"og:image:height\" content=\"750\" \/>\n\t<meta property=\"og:image:type\" content=\"image\/png\" \/>\n<meta name=\"author\" content=\"Steffi Kartmann\" \/>\n<meta name=\"twitter:card\" content=\"summary_large_image\" \/>\n<meta name=\"twitter:label1\" content=\"Written by\" \/>\n\t<meta name=\"twitter:data1\" content=\"Steffi Kartmann\" \/>\n\t<meta name=\"twitter:label2\" content=\"Est. reading time\" \/>\n\t<meta name=\"twitter:data2\" content=\"2 minutes\" \/>\n<script type=\"application\/ld+json\" class=\"yoast-schema-graph\">{\"@context\":\"https:\\\/\\\/schema.org\",\"@graph\":[{\"@type\":\"Article\",\"@id\":\"https:\\\/\\\/pace.berlin\\\/en\\\/blog\\\/2026\\\/09\\\/04\\\/kitchen-insights-at-the-canteen-round-2\\\/#article\",\"isPartOf\":{\"@id\":\"https:\\\/\\\/pace.berlin\\\/en\\\/blog\\\/2026\\\/09\\\/04\\\/kitchen-insights-at-the-canteen-round-2\\\/\"},\"author\":{\"name\":\"Steffi Kartmann\",\"@id\":\"https:\\\/\\\/pace.berlin\\\/#\\\/schema\\\/person\\\/ecf509f3e306b39f4400f0b17559873e\"},\"headline\":\"KITCHEN INSIGHTS AT THE CANTEEN: ROUND 2!\",\"datePublished\":\"2026-09-04T08:15:10+00:00\",\"dateModified\":\"2026-09-04T15:24:28+00:00\",\"mainEntityOfPage\":{\"@id\":\"https:\\\/\\\/pace.berlin\\\/en\\\/blog\\\/2026\\\/09\\\/04\\\/kitchen-insights-at-the-canteen-round-2\\\/\"},\"wordCount\":359,\"image\":{\"@id\":\"https:\\\/\\\/pace.berlin\\\/en\\\/blog\\\/2026\\\/09\\\/04\\\/kitchen-insights-at-the-canteen-round-2\\\/#primaryimage\"},\"thumbnailUrl\":\"https:\\\/\\\/pace.berlin\\\/app\\\/uploads\\\/sites\\\/2\\\/2026\\\/09\\\/Beitragsbild_KI_CANTEEN3.png\",\"keywords\":[\"events\"],\"articleSection\":[\"CANTEEN\"],\"inLanguage\":\"en-US\"},{\"@type\":\"WebPage\",\"@id\":\"https:\\\/\\\/pace.berlin\\\/en\\\/blog\\\/2026\\\/09\\\/04\\\/kitchen-insights-at-the-canteen-round-2\\\/\",\"url\":\"https:\\\/\\\/pace.berlin\\\/en\\\/blog\\\/2026\\\/09\\\/04\\\/kitchen-insights-at-the-canteen-round-2\\\/\",\"name\":\"KITCHEN INSIGHTS AT THE CANTEEN: ROUND 2! - PACE Berlin\",\"isPartOf\":{\"@id\":\"https:\\\/\\\/pace.berlin\\\/#website\"},\"primaryImageOfPage\":{\"@id\":\"https:\\\/\\\/pace.berlin\\\/en\\\/blog\\\/2026\\\/09\\\/04\\\/kitchen-insights-at-the-canteen-round-2\\\/#primaryimage\"},\"image\":{\"@id\":\"https:\\\/\\\/pace.berlin\\\/en\\\/blog\\\/2026\\\/09\\\/04\\\/kitchen-insights-at-the-canteen-round-2\\\/#primaryimage\"},\"thumbnailUrl\":\"https:\\\/\\\/pace.berlin\\\/app\\\/uploads\\\/sites\\\/2\\\/2026\\\/09\\\/Beitragsbild_KI_CANTEEN3.png\",\"datePublished\":\"2026-09-04T08:15:10+00:00\",\"dateModified\":\"2026-09-04T15:24:28+00:00\",\"author\":{\"@id\":\"https:\\\/\\\/pace.berlin\\\/#\\\/schema\\\/person\\\/ecf509f3e306b39f4400f0b17559873e\"},\"breadcrumb\":{\"@id\":\"https:\\\/\\\/pace.berlin\\\/en\\\/blog\\\/2026\\\/09\\\/04\\\/kitchen-insights-at-the-canteen-round-2\\\/#breadcrumb\"},\"inLanguage\":\"en-US\",\"potentialAction\":[{\"@type\":\"ReadAction\",\"target\":[\"https:\\\/\\\/pace.berlin\\\/en\\\/blog\\\/2026\\\/09\\\/04\\\/kitchen-insights-at-the-canteen-round-2\\\/\"]}]},{\"@type\":\"ImageObject\",\"inLanguage\":\"en-US\",\"@id\":\"https:\\\/\\\/pace.berlin\\\/en\\\/blog\\\/2026\\\/09\\\/04\\\/kitchen-insights-at-the-canteen-round-2\\\/#primaryimage\",\"url\":\"https:\\\/\\\/pace.berlin\\\/app\\\/uploads\\\/sites\\\/2\\\/2026\\\/09\\\/Beitragsbild_KI_CANTEEN3.png\",\"contentUrl\":\"https:\\\/\\\/pace.berlin\\\/app\\\/uploads\\\/sites\\\/2\\\/2026\\\/09\\\/Beitragsbild_KI_CANTEEN3.png\",\"width\":750,\"height\":750,\"caption\":\"Ein Koch bereitet in einer Gro\u00dfk\u00fcche Tabletts mit Speisen zu, die mit gr\u00fcnem Gem\u00fcse und wei\u00dfem K\u00e4se garniert sind. Die Szene vermittelt wertvolle Einblicke in den K\u00fcchenalltag und unterstreicht die lebhafte Atmosph\u00e4re, in der die Gerichte mit Sorgfalt zubereitet werden. In der rechten oberen Ecke ist das Logo von \u201eCanteen by Compass\u201c zu sehen.\"},{\"@type\":\"BreadcrumbList\",\"@id\":\"https:\\\/\\\/pace.berlin\\\/en\\\/blog\\\/2026\\\/09\\\/04\\\/kitchen-insights-at-the-canteen-round-2\\\/#breadcrumb\",\"itemListElement\":[{\"@type\":\"ListItem\",\"position\":1,\"name\":\"uncategorised\",\"item\":\"https:\\\/\\\/pace.berlin\\\/en\\\/blog\\\/category\\\/uncategorised\\\/\"},{\"@type\":\"ListItem\",\"position\":2,\"name\":\"KITCHEN INSIGHTS AT THE CANTEEN: ROUND 2!\"}]},{\"@type\":\"WebSite\",\"@id\":\"https:\\\/\\\/pace.berlin\\\/#website\",\"url\":\"https:\\\/\\\/pace.berlin\\\/\",\"name\":\"PACE Berlin\",\"description\":\"We are pace!  people of Axel Springer creating\u00ad Catering and Events\",\"potentialAction\":[{\"@type\":\"SearchAction\",\"target\":{\"@type\":\"EntryPoint\",\"urlTemplate\":\"https:\\\/\\\/pace.berlin\\\/?s={search_term_string}\"},\"query-input\":{\"@type\":\"PropertyValueSpecification\",\"valueRequired\":true,\"valueName\":\"search_term_string\"}}],\"inLanguage\":\"en-US\"},{\"@type\":\"Person\",\"@id\":\"https:\\\/\\\/pace.berlin\\\/#\\\/schema\\\/person\\\/ecf509f3e306b39f4400f0b17559873e\",\"name\":\"Steffi Kartmann\",\"image\":{\"@type\":\"ImageObject\",\"inLanguage\":\"en-US\",\"@id\":\"https:\\\/\\\/secure.gravatar.com\\\/avatar\\\/9516f1ab012f704369c173200e59a75ffce39fe2e4a5b614a281b511bccc88b9?s=96&d=mm&r=g\",\"url\":\"https:\\\/\\\/secure.gravatar.com\\\/avatar\\\/9516f1ab012f704369c173200e59a75ffce39fe2e4a5b614a281b511bccc88b9?s=96&d=mm&r=g\",\"contentUrl\":\"https:\\\/\\\/secure.gravatar.com\\\/avatar\\\/9516f1ab012f704369c173200e59a75ffce39fe2e4a5b614a281b511bccc88b9?s=96&d=mm&r=g\",\"caption\":\"Steffi Kartmann\"},\"url\":\"https:\\\/\\\/pace.berlin\\\/en\\\/blog\\\/author\\\/steffi\\\/\"}]}<\/script>\n<!-- \/ Yoast SEO plugin. -->","yoast_head_json":{"title":"KITCHEN INSIGHTS AT THE CANTEEN: ROUND 2! - PACE Berlin","robots":{"index":"index","follow":"follow","max-snippet":"max-snippet:-1","max-image-preview":"max-image-preview:large","max-video-preview":"max-video-preview:-1"},"canonical":"https:\/\/pace.berlin\/en\/blog\/2026\/09\/04\/kitchen-insights-at-the-canteen-round-2\/","og_locale":"en_US","og_type":"article","og_title":"KITCHEN INSIGHTS AT THE CANTEEN: ROUND 2! - PACE Berlin","og_description":"KITCHEN INSIGHTS is back at CANTEEN! Following the huge interest in our first event, we\u2019re opening our kitchen doors again on September 16. If you\u2019d like to find out what goes on behind the scenes in our commercial kitchen, you can secure one of the limited spots now.","og_url":"https:\/\/pace.berlin\/en\/blog\/2026\/09\/04\/kitchen-insights-at-the-canteen-round-2\/","og_site_name":"PACE Berlin","article_published_time":"2026-09-04T08:15:10+00:00","article_modified_time":"2026-09-04T15:24:28+00:00","og_image":[{"width":750,"height":750,"url":"https:\/\/pace.berlin\/app\/uploads\/sites\/2\/2026\/09\/Beitragsbild_KI_CANTEEN3.png","type":"image\/png"}],"author":"Steffi Kartmann","twitter_card":"summary_large_image","twitter_misc":{"Written by":"Steffi Kartmann","Est. reading time":"2 minutes"},"schema":{"@context":"https:\/\/schema.org","@graph":[{"@type":"Article","@id":"https:\/\/pace.berlin\/en\/blog\/2026\/09\/04\/kitchen-insights-at-the-canteen-round-2\/#article","isPartOf":{"@id":"https:\/\/pace.berlin\/en\/blog\/2026\/09\/04\/kitchen-insights-at-the-canteen-round-2\/"},"author":{"name":"Steffi Kartmann","@id":"https:\/\/pace.berlin\/#\/schema\/person\/ecf509f3e306b39f4400f0b17559873e"},"headline":"KITCHEN INSIGHTS AT THE CANTEEN: ROUND 2!","datePublished":"2026-09-04T08:15:10+00:00","dateModified":"2026-09-04T15:24:28+00:00","mainEntityOfPage":{"@id":"https:\/\/pace.berlin\/en\/blog\/2026\/09\/04\/kitchen-insights-at-the-canteen-round-2\/"},"wordCount":359,"image":{"@id":"https:\/\/pace.berlin\/en\/blog\/2026\/09\/04\/kitchen-insights-at-the-canteen-round-2\/#primaryimage"},"thumbnailUrl":"https:\/\/pace.berlin\/app\/uploads\/sites\/2\/2026\/09\/Beitragsbild_KI_CANTEEN3.png","keywords":["events"],"articleSection":["CANTEEN"],"inLanguage":"en-US"},{"@type":"WebPage","@id":"https:\/\/pace.berlin\/en\/blog\/2026\/09\/04\/kitchen-insights-at-the-canteen-round-2\/","url":"https:\/\/pace.berlin\/en\/blog\/2026\/09\/04\/kitchen-insights-at-the-canteen-round-2\/","name":"KITCHEN INSIGHTS AT THE CANTEEN: ROUND 2! - PACE Berlin","isPartOf":{"@id":"https:\/\/pace.berlin\/#website"},"primaryImageOfPage":{"@id":"https:\/\/pace.berlin\/en\/blog\/2026\/09\/04\/kitchen-insights-at-the-canteen-round-2\/#primaryimage"},"image":{"@id":"https:\/\/pace.berlin\/en\/blog\/2026\/09\/04\/kitchen-insights-at-the-canteen-round-2\/#primaryimage"},"thumbnailUrl":"https:\/\/pace.berlin\/app\/uploads\/sites\/2\/2026\/09\/Beitragsbild_KI_CANTEEN3.png","datePublished":"2026-09-04T08:15:10+00:00","dateModified":"2026-09-04T15:24:28+00:00","author":{"@id":"https:\/\/pace.berlin\/#\/schema\/person\/ecf509f3e306b39f4400f0b17559873e"},"breadcrumb":{"@id":"https:\/\/pace.berlin\/en\/blog\/2026\/09\/04\/kitchen-insights-at-the-canteen-round-2\/#breadcrumb"},"inLanguage":"en-US","potentialAction":[{"@type":"ReadAction","target":["https:\/\/pace.berlin\/en\/blog\/2026\/09\/04\/kitchen-insights-at-the-canteen-round-2\/"]}]},{"@type":"ImageObject","inLanguage":"en-US","@id":"https:\/\/pace.berlin\/en\/blog\/2026\/09\/04\/kitchen-insights-at-the-canteen-round-2\/#primaryimage","url":"https:\/\/pace.berlin\/app\/uploads\/sites\/2\/2026\/09\/Beitragsbild_KI_CANTEEN3.png","contentUrl":"https:\/\/pace.berlin\/app\/uploads\/sites\/2\/2026\/09\/Beitragsbild_KI_CANTEEN3.png","width":750,"height":750,"caption":"Ein Koch bereitet in einer Gro\u00dfk\u00fcche Tabletts mit Speisen zu, die mit gr\u00fcnem Gem\u00fcse und wei\u00dfem K\u00e4se garniert sind. Die Szene vermittelt wertvolle Einblicke in den K\u00fcchenalltag und unterstreicht die lebhafte Atmosph\u00e4re, in der die Gerichte mit Sorgfalt zubereitet werden. In der rechten oberen Ecke ist das Logo von \u201eCanteen by Compass\u201c zu sehen."},{"@type":"BreadcrumbList","@id":"https:\/\/pace.berlin\/en\/blog\/2026\/09\/04\/kitchen-insights-at-the-canteen-round-2\/#breadcrumb","itemListElement":[{"@type":"ListItem","position":1,"name":"uncategorised","item":"https:\/\/pace.berlin\/en\/blog\/category\/uncategorised\/"},{"@type":"ListItem","position":2,"name":"KITCHEN INSIGHTS AT THE CANTEEN: ROUND 2!"}]},{"@type":"WebSite","@id":"https:\/\/pace.berlin\/#website","url":"https:\/\/pace.berlin\/","name":"PACE Berlin","description":"We are pace!  people of Axel Springer creating\u00ad Catering and Events","potentialAction":[{"@type":"SearchAction","target":{"@type":"EntryPoint","urlTemplate":"https:\/\/pace.berlin\/?s={search_term_string}"},"query-input":{"@type":"PropertyValueSpecification","valueRequired":true,"valueName":"search_term_string"}}],"inLanguage":"en-US"},{"@type":"Person","@id":"https:\/\/pace.berlin\/#\/schema\/person\/ecf509f3e306b39f4400f0b17559873e","name":"Steffi Kartmann","image":{"@type":"ImageObject","inLanguage":"en-US","@id":"https:\/\/secure.gravatar.com\/avatar\/9516f1ab012f704369c173200e59a75ffce39fe2e4a5b614a281b511bccc88b9?s=96&d=mm&r=g","url":"https:\/\/secure.gravatar.com\/avatar\/9516f1ab012f704369c173200e59a75ffce39fe2e4a5b614a281b511bccc88b9?s=96&d=mm&r=g","contentUrl":"https:\/\/secure.gravatar.com\/avatar\/9516f1ab012f704369c173200e59a75ffce39fe2e4a5b614a281b511bccc88b9?s=96&d=mm&r=g","caption":"Steffi Kartmann"},"url":"https:\/\/pace.berlin\/en\/blog\/author\/steffi\/"}]}},"_links":{"self":[{"href":"https:\/\/pace.berlin\/en\/wp-json\/wp\/v2\/posts\/8972","targetHints":{"allow":["GET"]}}],"collection":[{"href":"https:\/\/pace.berlin\/en\/wp-json\/wp\/v2\/posts"}],"about":[{"href":"https:\/\/pace.berlin\/en\/wp-json\/wp\/v2\/types\/post"}],"author":[{"embeddable":true,"href":"https:\/\/pace.berlin\/en\/wp-json\/wp\/v2\/users\/4"}],"replies":[{"embeddable":true,"href":"https:\/\/pace.berlin\/en\/wp-json\/wp\/v2\/comments?post=8972"}],"version-history":[{"count":1,"href":"https:\/\/pace.berlin\/en\/wp-json\/wp\/v2\/posts\/8972\/revisions"}],"predecessor-version":[{"id":8974,"href":"https:\/\/pace.berlin\/en\/wp-json\/wp\/v2\/posts\/8972\/revisions\/8974"}],"wp:featuredmedia":[{"embeddable":true,"href":"https:\/\/pace.berlin\/en\/wp-json\/wp\/v2\/media\/8968"}],"wp:attachment":[{"href":"https:\/\/pace.berlin\/en\/wp-json\/wp\/v2\/media?parent=8972"}],"wp:term":[{"taxonomy":"category","embeddable":true,"href":"https:\/\/pace.berlin\/en\/wp-json\/wp\/v2\/categories?post=8972"},{"taxonomy":"post_tag","embeddable":true,"href":"https:\/\/pace.berlin\/en\/wp-json\/wp\/v2\/tags?post=8972"}],"curies":[{"name":"wp","href":"https:\/\/api.w.org\/{rel}","templated":true}]}}